{"id":54,"date":"2015-07-25T02:41:00","date_gmt":"2015-07-25T05:41:00","guid":{"rendered":"http:\/\/osulemcima.com\/blog\/2015\/07\/25\/o-sul-em-cima-23-24-carlos-badia\/"},"modified":"2016-08-01T21:33:19","modified_gmt":"2016-08-02T00:33:19","slug":"o-sul-em-cima-23-24-carlos-badia","status":"publish","type":"post","link":"https:\/\/osulemcima.com\/blog\/2015\/07\/25\/o-sul-em-cima-23-24-carlos-badia\/","title":{"rendered":"O Sul Em Cima 23 \/ 24 &#8211; CARLOS BADIA"},"content":{"rendered":"<table align=\"center\" cellpadding=\"0\" cellspacing=\"0\" style=\"margin-left: auto;margin-right: auto;text-align: center\">\n<tbody>\n<tr>\n<td style=\"text-align: center\"><a href=\"http:\/\/2.bp.blogspot.com\/-ynGIXiEF5Vw\/VbMSRQbhfOI\/AAAAAAAABkw\/1V6xxoHuKKk\/s1600\/Carlos-Badia_credito-Joel-Reichert-21.jpg\" style=\"margin-left: auto;margin-right: auto\"><\/a><\/td>\n<\/tr>\n<tr>\n<td style=\"text-align: center\">Carlos Badia &nbsp;&#8211; Foto: Joel Reichert<\/td>\n<\/tr>\n<\/tbody>\n<\/table>\n<p>O SUL EM CIMA dessa edi\u00e7\u00e3o mostra o trabalho de CARLOS BADIA, que est\u00e1 lan\u00e7ando o \u00e1lbum duplo &#8220;ZEROS&#8221;, seu primeiro trabalho solo.<\/p>\n<table cellpadding=\"0\" cellspacing=\"0\" style=\"float: left;margin-right: 1em;text-align: left\">\n<tbody>\n<tr>\n<td style=\"text-align: center\"><a href=\"http:\/\/4.bp.blogspot.com\/-5-YI5B7T0eY\/VbMSgNHzMEI\/AAAAAAAABk8\/EHjAtfOd1H0\/s1600\/17398873.jpg\" style=\"clear: left;margin-bottom: 1em;margin-left: auto;margin-right: auto\"><img loading=\"lazy\" decoding=\"async\" border=\"0\" height=\"213\" src=\"http:\/\/4.bp.blogspot.com\/-5-YI5B7T0eY\/VbMSgNHzMEI\/AAAAAAAABk8\/EHjAtfOd1H0\/s320\/17398873.jpg\" width=\"320\" \/><\/a><\/td>\n<\/tr>\n<tr>\n<td style=\"text-align: center\">Foto: Joel Reichet<\/td>\n<\/tr>\n<\/tbody>\n<\/table>\n<div style=\"text-align: justify\"><i><b>Carlos Badia<\/b><\/i> \u00e9 compositor, violonista, arranjador e produtor musical. O artista atua profissionalmente desde o final dos anos 80 em Porto Alegre. Iniciou sua forma\u00e7\u00e3o na escola da OSPA, aprofundando seu estudo do viol\u00e3o cl\u00e1ssico, de harmonia e improvisa\u00e7\u00e3o.<\/div>\n<div style=\"text-align: justify\">Apresentou-se com v\u00e1rios m\u00fasicos e artistas brasileiros, como Jo\u00e3o Donato, Nei Lisboa, Vitor Ramil, entre outros, al\u00e9m de abrir shows importantes como de Elomar e Stacey Kent.<\/div>\n<div style=\"text-align: justify\">Carlos Badia dedicou bons anos de sua vida ao trabalho de Musicoterapia com deficientes mentais, ministrando palestras e cursos para profissionais da \u00e1rea de arte-educa\u00e7\u00e3o e, paralelamente, trabalhando dentro de est\u00fadios na cria\u00e7\u00e3o de trilhas para cinema, TV, anima\u00e7\u00e3o, publicidade e teatro. Em 2006, retomando o contato com os palcos foi um fundadores do grupo Delicatessen com quem fez uma s\u00e9rie de shows pelo Brasil e pelo mundo. Durante o per\u00edodo do Delicatessen, Badia produziu tr\u00eas discos de excelente repercuss\u00e3o em todo o mundo. Esse trabalho lhe rendeu pr\u00eamios importantes como as duas premia\u00e7\u00f5es do &#8220;Pr\u00eamio da M\u00fasica Brasileira&#8221; como produtor musical e nas diversas vezes que foi premiado como instrumentista, produtor e compositor no &#8220;Pr\u00eamio A\u00e7orianos de M\u00fasica&#8221;.<\/div>\n<div style=\"text-align: justify\">Al\u00e9m de m\u00fasico, Carlos Badia \u00e9 autor e ator do espet\u00e1culo teatral &#8220;O M\u00fasico e o M\u00e1gico&#8221; e idealizador e curador do &#8220;Porto Alegre Jazz Festival&#8221;.<\/div>\n<div style=\"text-align: justify\"><\/div>\n<div style=\"clear: both;text-align: center\"><a href=\"http:\/\/1.bp.blogspot.com\/-eMgE-TSJfow\/VbMShveiqtI\/AAAAAAAABlE\/ak8Oc9H-CD4\/s1600\/07261.jpg\" style=\"clear: right;float: right;margin-bottom: 1em;margin-left: 1em\"><img loading=\"lazy\" decoding=\"async\" border=\"0\" height=\"200\" src=\"http:\/\/1.bp.blogspot.com\/-eMgE-TSJfow\/VbMShveiqtI\/AAAAAAAABlE\/ak8Oc9H-CD4\/s200\/07261.jpg\" width=\"200\" \/><\/a><\/div>\n<div style=\"text-align: justify\"><b><i>ZEROS<\/i><\/b> \u00e9 o primeiro \u00e1lbum de Carlos Badia. Trata-se de \u00e1lbum duplo que traz \u00e0 superf\u00edcie a vast\u00edssima produ\u00e7\u00e3o de composi\u00e7\u00f5es autorais.<\/div>\n<div style=\"text-align: justify\">Zeros \u00e9 um zerar, um recome\u00e7o, uma revoada de mem\u00f3rias musicais que precisavam ganhar vida plena. Um dos discos traz as can\u00e7\u00f5es cantadas pelo artista (uma em dueto com Vitor Ramil), de sua autoria, al\u00e9m de tr\u00eas parcerias com Ronald Augusto, Carlos Saul Duque e Everson Vargas. A \u00fanica obra que n\u00e3o \u00e9 de sua autoria pr\u00f3pria \u00e9 a can\u00e7\u00e3o &#8220;Auto-Retrato&#8221; de Egberto Gismonti e Geraldo Carneiro. O outro disco \u00e9 um registro de suas composi\u00e7\u00f5es instrumentais.<\/div>\n<div style=\"text-align: justify\"><\/div>\n<div style=\"text-align: justify\">O SUL EM CIMA mostra em dois programas o conte\u00fado desse belo trabalho. O primeiro ser\u00e1 o ZEROS &#8211; Can\u00e7\u00f5es e o segundo o ZEROS &#8211; Instrumental.<\/div>\n<div style=\"text-align: justify\"><\/div>\n<div style=\"text-align: justify\">Divirtam-se e comentem!!<\/div>\n<div style=\"text-align: justify\"><\/div>\n<div style=\"text-align: justify\"><b><i><u><br \/><\/u><\/i><\/b><\/div>\n<div style=\"text-align: justify\"><b><i><u>Ou\u00e7am Aqui &#8211; Programa 23\/2015<\/u><\/i><\/b><\/div>\n<div style=\"text-align: justify\"><\/div>\n<div style=\"text-align: justify\"><\/div>\n<div style=\"text-align: justify\"><a href=\"http:\/\/www.osulemcima.com\/wa_files\/OSEC2015-23a.mp3\">Programa 23\/2015 &#8211; CARLOS BADIA &#8211; ZEROS (Can\u00e7\u00f5es)<\/a> &#8211; Parte 1<\/div>\n<div style=\"text-align: justify\"><\/div>\n<div style=\"text-align: justify\"><\/div>\n<div style=\"text-align: justify\"><a href=\"http:\/\/www.osulemcima.com\/wa_files\/OSEC2015-23b.mp3\">Programa 23\/2015 &#8211; CARLOS BADIA &#8211; ZEROS (Can\u00e7\u00f5es) <\/a>&#8211; Parte 2<\/div>\n<div style=\"text-align: justify\"><\/div>\n<div style=\"text-align: justify\"><\/div>\n<div style=\"text-align: justify\"><\/div>\n<div style=\"text-align: justify\"><\/div>\n<div style=\"text-align: justify\"><a href=\"http:\/\/www.osulemcima.com\/wa_files\/OSEC2015-24a.mp3\">Programa 24\/2015 &#8211; CARLOS BADIA &#8211; ZEROS (Instrumental)<\/a> &#8211; Parte 1 &nbsp;&nbsp;<\/div>\n<div style=\"text-align: justify\"><\/div>\n<div style=\"text-align: justify\"><\/div>\n<div style=\"text-align: justify\"><a href=\"http:\/\/www.osulemcima.com\/wa_files\/OSEC2015-24b.mp3\">Programa 24\/2015 &#8211; CARLOS BADIA &#8211; ZEROS (Instrumental)<\/a> &#8211; Parte 2 &nbsp;&nbsp;<\/div>\n<div style=\"text-align: justify\"><\/div>\n<div style=\"text-align: justify\"><\/div>\n","protected":false},"excerpt":{"rendered":"<p>Carlos Badia &nbsp;&#8211; Foto: Joel Reichert O SUL EM CIMA dessa edi\u00e7\u00e3o mostra o trabalho de CARLOS BADIA, que est\u00e1 lan\u00e7ando o \u00e1lbum duplo &#8220;ZEROS&#8221;, seu primeiro trabalho solo. Foto: Joel Reichet Carlos Badia \u00e9 compositor, violonista, arranjador e produtor musical. O artista atua profissionalmente desde o final dos anos 80 em Porto Alegre. Iniciou [&hellip;]<\/p>\n<a href=\"https:\/\/osulemcima.com\/blog\/2015\/07\/25\/o-sul-em-cima-23-24-carlos-badia\/\" class=\"more-link\">Read More<\/a>","protected":false},"author":1,"featured_media":0,"comment_status":"open","ping_status":"open","sticky":false,"template":"","format":"standard","meta":{"footnotes":""},"categories":[2],"tags":[],"class_list":["post-54","post","type-post","status-publish","format-standard","hentry","category-o-sul-em-cima"],"_links":{"self":[{"href":"https:\/\/osulemcima.com\/blog\/wp-json\/wp\/v2\/posts\/54","targetHints":{"allow":["GET"]}}],"collection":[{"href":"https:\/\/osulemcima.com\/blog\/wp-json\/wp\/v2\/posts"}],"about":[{"href":"https:\/\/osulemcima.com\/blog\/wp-json\/wp\/v2\/types\/post"}],"author":[{"embeddable":true,"href":"https:\/\/osulemcima.com\/blog\/wp-json\/wp\/v2\/users\/1"}],"replies":[{"embeddable":true,"href":"https:\/\/osulemcima.com\/blog\/wp-json\/wp\/v2\/comments?post=54"}],"version-history":[{"count":1,"href":"https:\/\/osulemcima.com\/blog\/wp-json\/wp\/v2\/posts\/54\/revisions"}],"predecessor-version":[{"id":469,"href":"https:\/\/osulemcima.com\/blog\/wp-json\/wp\/v2\/posts\/54\/revisions\/469"}],"wp:attachment":[{"href":"https:\/\/osulemcima.com\/blog\/wp-json\/wp\/v2\/media?parent=54"}],"wp:term":[{"taxonomy":"category","embeddable":true,"href":"https:\/\/osulemcima.com\/blog\/wp-json\/wp\/v2\/categories?post=54"},{"taxonomy":"post_tag","embeddable":true,"href":"https:\/\/osulemcima.com\/blog\/wp-json\/wp\/v2\/tags?post=54"}],"curies":[{"name":"wp","href":"https:\/\/api.w.org\/{rel}","templated":true}]}}